{"id":5652,"date":"2024-05-26T20:58:40","date_gmt":"2024-05-26T19:58:40","guid":{"rendered":"https:\/\/www.labaiedeslivres.com\/?p=5652"},"modified":"2025-05-21T16:41:58","modified_gmt":"2025-05-21T15:41:58","slug":"lily-scratchy","status":"publish","type":"post","link":"https:\/\/www.labaiedeslivres.com\/?p=5652","title":{"rendered":"AN DAOU DANGI"},"content":{"rendered":"\n<p><strong>Tangi Merien<\/strong>,\u00a0chanteur, com\u00e9dien au sein de la troupe de th\u00e9\u00e2tre Ar Vro Bagan et animateur de l\u2019\u00e9mission \u00ab Na petra \u2019ta ! \u00bb sur France 3 Bretagne, et\u00a0<strong>Tangi Le Gall-Carr\u00e9<\/strong>, accord\u00e9oniste du groupe Startijenn, vous proposent un spectacle cont\u00e9 et chant\u00e9 en langue bretonne pour les enfants. Les deux comp\u00e8res ont pour objectif de sensibiliser les enfants au monde du th\u00e9\u00e2tre, de la musique et du chant en breton.\u00a0<br \/><strong>Tangi Merien<\/strong>, kaner ha komedian gant Strollad Ar Vro Bagan, animatour en abadenn \u00abNa petra \u2019ta ! \u00bb war Fra\u00f1s 3 Breizh, ha\u00a0<strong>Tangi Le Gall-Carr\u00e9<\/strong>, soner akordeo\u00f1s ar strollad sonerezh Startijenn, a ginnig deoc\u2019h un istor kontet ha kanet e brezhoneg evit ar vugale.\u00a0An\u00a0daou\u00a0geneil a zo youl ganto da rei\u00f1 d\u2019ar re yaouank\u00a0an\u00a0tu da zizoloei\u00f1 bed ar c\u2019hoariva, ar sonerezh hag ar c\u2019han e brezhoneg. \u00a0<br \/><a href=\"https:\/\/www.facebook.com\/An2Dangi\/?locale=fr_FR\">https:\/\/www.facebook.com\/An2Dangi\/?locale=fr_FR<\/a><\/p>\n\n\n\n<figure class=\"wp-block-gallery has-nested-images columns-4 is-cropped wp-block-gallery-1 is-layout-flex wp-block-gallery-is-layout-flex\">\n<figure class=\"wp-block-image size-full\"><img loading=\"lazy\" decoding=\"async\" width=\"800\" height=\"800\" data-id=\"6014\" src=\"https:\/\/www.labaiedeslivres.com\/wp-content\/uploads\/2024\/05\/An-Daou-Dangi.jpg\" alt=\"\" class=\"wp-image-6014\" srcset=\"https:\/\/www.labaiedeslivres.com\/wp-content\/uploads\/2024\/05\/An-Daou-Dangi.jpg 800w, https:\/\/www.labaiedeslivres.com\/wp-content\/uploads\/2024\/05\/An-Daou-Dangi-300x300.jpg 300w, https:\/\/www.labaiedeslivres.com\/wp-content\/uploads\/2024\/05\/An-Daou-Dangi-150x150.jpg 150w\" sizes=\"auto, (max-width: 800px) 100vw, 800px\" \/><\/figure>\n<\/figure>\n","protected":false},"excerpt":{"rendered":"<p>Tangi Merien,\u00a0chanteur, com\u00e9dien au sein de la troupe de th\u00e9\u00e2tre Ar Vro Bagan et animateur de l\u2019\u00e9mission \u00ab Na petra \u2019ta ! \u00bb sur France 3 Bretagne, et\u00a0Tangi Le Gall-Carr\u00e9, accord\u00e9oniste du groupe Startijenn, vous&#8230;<\/p>\n","protected":false},"author":2,"featured_media":0,"comment_status":"closed","ping_status":"closed","sticky":false,"template":"","format":"standard","meta":{"footnotes":""},"categories":[124,1],"tags":[],"class_list":["post-5652","post","type-post","status-publish","format-standard","hentry","category-couverture","category-non-classe"],"_links":{"self":[{"href":"https:\/\/www.labaiedeslivres.com\/index.php?rest_route=\/wp\/v2\/posts\/5652","targetHints":{"allow":["GET"]}}],"collection":[{"href":"https:\/\/www.labaiedeslivres.com\/index.php?rest_route=\/wp\/v2\/posts"}],"about":[{"href":"https:\/\/www.labaiedeslivres.com\/index.php?rest_route=\/wp\/v2\/types\/post"}],"author":[{"embeddable":true,"href":"https:\/\/www.labaiedeslivres.com\/index.php?rest_route=\/wp\/v2\/users\/2"}],"replies":[{"embeddable":true,"href":"https:\/\/www.labaiedeslivres.com\/index.php?rest_route=%2Fwp%2Fv2%2Fcomments&post=5652"}],"version-history":[{"count":5,"href":"https:\/\/www.labaiedeslivres.com\/index.php?rest_route=\/wp\/v2\/posts\/5652\/revisions"}],"predecessor-version":[{"id":6015,"href":"https:\/\/www.labaiedeslivres.com\/index.php?rest_route=\/wp\/v2\/posts\/5652\/revisions\/6015"}],"wp:attachment":[{"href":"https:\/\/www.labaiedeslivres.com\/index.php?rest_route=%2Fwp%2Fv2%2Fmedia&parent=5652"}],"wp:term":[{"taxonomy":"category","embeddable":true,"href":"https:\/\/www.labaiedeslivres.com\/index.php?rest_route=%2Fwp%2Fv2%2Fcategories&post=5652"},{"taxonomy":"post_tag","embeddable":true,"href":"https:\/\/www.labaiedeslivres.com\/index.php?rest_route=%2Fwp%2Fv2%2Ftags&post=5652"}],"curies":[{"name":"wp","href":"https:\/\/api.w.org\/{rel}","templated":true}]}}